{"id":763,"date":"2022-03-18T09:36:37","date_gmt":"2022-03-18T08:36:37","guid":{"rendered":"https:\/\/cathojoinville.fr\/selonmarc\/?p=763"},"modified":"2022-04-01T13:12:40","modified_gmt":"2022-04-01T11:12:40","slug":"esprit-es-tu-la","status":"publish","type":"post","link":"https:\/\/cathojoinville.fr\/selonmarc\/esprit-es-tu-la\/","title":{"rendered":"Esprit, es-tu l\u00e0?"},"content":{"rendered":"\n<div style=\"height:14px\" aria-hidden=\"true\" class=\"wp-block-spacer\"><\/div>\n\n\n\n<p>Vivre dans le vent tourbillonnant de l\u2019Esprit n\u2019est pas de tout repos. Cette petite vid\u00e9o nous l\u2019apprend.<\/p>\n\n\n\n<div style=\"height:28px\" aria-hidden=\"true\" class=\"wp-block-spacer\"><\/div>\n\n\n\n<div class=\"su-youtube su-u-responsive-media-yes\"><iframe loading=\"lazy\" width=\"600\" height=\"400\" src=\"https:\/\/www.youtube.com\/embed\/8GW1S9eFL6A?\" frameborder=\"0\" allowfullscreen allow=\"autoplay; encrypted-media; picture-in-picture\" title=\"\"><\/iframe><\/div>\n\n\n\n<div style=\"height:24px\" aria-hidden=\"true\" class=\"wp-block-spacer\"><\/div>\n\n\n\n<p>De fait, le march\u00e9 \u00ab spirituel \u00bb est devenu tr\u00e8s concurrentiel. Les propositions, les discours, les enseignements se multiplient. Mais suffit-il de parler d\u2019Esprit saint pour qu\u2019il s\u2019agisse de l\u2019Esprit saint de la foi catholique ? Afin de s\u2019y retrouver dans ce maquis, nous vous proposons quelques \u00e9l\u00e9ments de discernement.<\/p>\n\n\n\n<div style=\"height:22px\" aria-hidden=\"true\" class=\"wp-block-spacer\"><\/div>\n\n\n\n<p class=\"has-text-align-center\">Premier \u00e9pisode&nbsp;: L\u2019Esprit Saint dans l&rsquo;Ecriture : <a href=\"https:\/\/cathojoinville.fr\/selonmarc\/wp-content\/uploads\/2022\/03\/Pour-ne-pas-se-tromper-dEsprit-saint.pdf\">ICI<\/a>.<\/p>\n\n\n\n<div style=\"height:22px\" aria-hidden=\"true\" class=\"wp-block-spacer\"><\/div>\n\n\n\n<p><\/p>\n\n\n\n<p class=\"has-text-align-center\">Deuxi\u00e8me \u00e9pisode : L&rsquo;Esprit saint, personne divine : <a href=\"https:\/\/cathojoinville.fr\/selonmarc\/wp-content\/uploads\/2022\/04\/Pour-ne-pas-se-tromper-dEsprit-saint2.pdf\" target=\"_blank\" rel=\"noreferrer noopener\">ICI<\/a>.<\/p>\n\n\n\n<p><\/p>\n\n\n\n<div style=\"height:55px\" aria-hidden=\"true\" class=\"wp-block-spacer\"><\/div>\n\n\n","protected":false},"excerpt":{"rendered":"<p>Vivre dans le vent tourbillonnant de l\u2019Esprit n\u2019est pas de tout repos. Cette petite vid\u00e9o nous l\u2019apprend. De fait, le march\u00e9 \u00ab spirituel \u00bb est devenu tr\u00e8s concurrentiel. Les propositions, les discours, les enseignements se multiplient. Mais suffit-il de parler &hellip; <a href=\"https:\/\/cathojoinville.fr\/selonmarc\/esprit-es-tu-la\/\">Continuer la lecture <span class=\"meta-nav\">&rarr;<\/span><\/a><\/p>\n","protected":false},"author":2,"featured_media":0,"comment_status":"open","ping_status":"open","sticky":false,"template":"","format":"standard","meta":{"footnotes":""},"categories":[1],"tags":[],"class_list":["post-763","post","type-post","status-publish","format-standard","hentry","category-uncategorized"],"yoast_head":"<!-- This site is optimized with the Yoast SEO plugin v27.5 - https:\/\/yoast.com\/product\/yoast-seo-wordpress\/ -->\n<title>Esprit, es-tu l\u00e0? - Selon Marc<\/title>\n<meta name=\"robots\" content=\"index, follow, max-snippet:-1, max-image-preview:large, max-video-preview:-1\" \/>\n<link rel=\"canonical\" href=\"https:\/\/cathojoinville.fr\/selonmarc\/esprit-es-tu-la\/\" \/>\n<meta property=\"og:locale\" content=\"fr_FR\" \/>\n<meta property=\"og:type\" content=\"article\" \/>\n<meta property=\"og:title\" content=\"Esprit, es-tu l\u00e0? - Selon Marc\" \/>\n<meta property=\"og:description\" content=\"Vivre dans le vent tourbillonnant de l\u2019Esprit n\u2019est pas de tout repos. Cette petite vid\u00e9o nous l\u2019apprend. De fait, le march\u00e9 \u00ab spirituel \u00bb est devenu tr\u00e8s concurrentiel. Les propositions, les discours, les enseignements se multiplient. Mais suffit-il de parler &hellip; Continuer la lecture &rarr;\" \/>\n<meta property=\"og:url\" content=\"https:\/\/cathojoinville.fr\/selonmarc\/esprit-es-tu-la\/\" \/>\n<meta property=\"og:site_name\" content=\"Selon Marc\" \/>\n<meta property=\"article:published_time\" content=\"2022-03-18T08:36:37+00:00\" \/>\n<meta property=\"article:modified_time\" content=\"2022-04-01T11:12:40+00:00\" \/>\n<meta name=\"author\" content=\"Thierry LECOMTE\" \/>\n<meta name=\"twitter:card\" content=\"summary_large_image\" \/>\n<meta name=\"twitter:label1\" content=\"\u00c9crit par\" \/>\n\t<meta name=\"twitter:data1\" content=\"Thierry LECOMTE\" \/>\n\t<meta name=\"twitter:label2\" content=\"Dur\u00e9e de lecture estim\u00e9e\" \/>\n\t<meta name=\"twitter:data2\" content=\"1 minute\" \/>\n<script type=\"application\/ld+json\" class=\"yoast-schema-graph\">{\"@context\":\"https:\\\/\\\/schema.org\",\"@graph\":[{\"@type\":\"Article\",\"@id\":\"https:\\\/\\\/cathojoinville.fr\\\/selonmarc\\\/esprit-es-tu-la\\\/#article\",\"isPartOf\":{\"@id\":\"https:\\\/\\\/cathojoinville.fr\\\/selonmarc\\\/esprit-es-tu-la\\\/\"},\"author\":{\"name\":\"Thierry LECOMTE\",\"@id\":\"https:\\\/\\\/cathojoinville.fr\\\/selonmarc\\\/#\\\/schema\\\/person\\\/a346ae199e5f271458f290351585399b\"},\"headline\":\"Esprit, es-tu l\u00e0?\",\"datePublished\":\"2022-03-18T08:36:37+00:00\",\"dateModified\":\"2022-04-01T11:12:40+00:00\",\"mainEntityOfPage\":{\"@id\":\"https:\\\/\\\/cathojoinville.fr\\\/selonmarc\\\/esprit-es-tu-la\\\/\"},\"wordCount\":107,\"commentCount\":1,\"publisher\":{\"@id\":\"https:\\\/\\\/cathojoinville.fr\\\/selonmarc\\\/#organization\"},\"articleSection\":[\"Divers\"],\"inLanguage\":\"fr-FR\",\"potentialAction\":[{\"@type\":\"CommentAction\",\"name\":\"Comment\",\"target\":[\"https:\\\/\\\/cathojoinville.fr\\\/selonmarc\\\/esprit-es-tu-la\\\/#respond\"]}]},{\"@type\":\"WebPage\",\"@id\":\"https:\\\/\\\/cathojoinville.fr\\\/selonmarc\\\/esprit-es-tu-la\\\/\",\"url\":\"https:\\\/\\\/cathojoinville.fr\\\/selonmarc\\\/esprit-es-tu-la\\\/\",\"name\":\"Esprit, es-tu l\u00e0? - Selon Marc\",\"isPartOf\":{\"@id\":\"https:\\\/\\\/cathojoinville.fr\\\/selonmarc\\\/#website\"},\"datePublished\":\"2022-03-18T08:36:37+00:00\",\"dateModified\":\"2022-04-01T11:12:40+00:00\",\"breadcrumb\":{\"@id\":\"https:\\\/\\\/cathojoinville.fr\\\/selonmarc\\\/esprit-es-tu-la\\\/#breadcrumb\"},\"inLanguage\":\"fr-FR\",\"potentialAction\":[{\"@type\":\"ReadAction\",\"target\":[\"https:\\\/\\\/cathojoinville.fr\\\/selonmarc\\\/esprit-es-tu-la\\\/\"]}]},{\"@type\":\"BreadcrumbList\",\"@id\":\"https:\\\/\\\/cathojoinville.fr\\\/selonmarc\\\/esprit-es-tu-la\\\/#breadcrumb\",\"itemListElement\":[{\"@type\":\"ListItem\",\"position\":1,\"name\":\"Accueil\",\"item\":\"https:\\\/\\\/cathojoinville.fr\\\/selonmarc\\\/\"},{\"@type\":\"ListItem\",\"position\":2,\"name\":\"Esprit, es-tu l\u00e0?\"}]},{\"@type\":\"WebSite\",\"@id\":\"https:\\\/\\\/cathojoinville.fr\\\/selonmarc\\\/#website\",\"url\":\"https:\\\/\\\/cathojoinville.fr\\\/selonmarc\\\/\",\"name\":\"Selon Marc\",\"description\":\"L&#039;exp\u00e9rience bouleversante de l&#039;Evangile\",\"publisher\":{\"@id\":\"https:\\\/\\\/cathojoinville.fr\\\/selonmarc\\\/#organization\"},\"potentialAction\":[{\"@type\":\"SearchAction\",\"target\":{\"@type\":\"EntryPoint\",\"urlTemplate\":\"https:\\\/\\\/cathojoinville.fr\\\/selonmarc\\\/?s={search_term_string}\"},\"query-input\":{\"@type\":\"PropertyValueSpecification\",\"valueRequired\":true,\"valueName\":\"search_term_string\"}}],\"inLanguage\":\"fr-FR\"},{\"@type\":\"Organization\",\"@id\":\"https:\\\/\\\/cathojoinville.fr\\\/selonmarc\\\/#organization\",\"name\":\"Dioc\u00e8se de Langres\",\"url\":\"https:\\\/\\\/cathojoinville.fr\\\/selonmarc\\\/\",\"logo\":{\"@type\":\"ImageObject\",\"inLanguage\":\"fr-FR\",\"@id\":\"https:\\\/\\\/cathojoinville.fr\\\/selonmarc\\\/#\\\/schema\\\/logo\\\/image\\\/\",\"url\":\"https:\\\/\\\/cathojoinville.fr\\\/selonmarc\\\/wp-content\\\/uploads\\\/2018\\\/03\\\/logo-de-la-mission.jpg\",\"contentUrl\":\"https:\\\/\\\/cathojoinville.fr\\\/selonmarc\\\/wp-content\\\/uploads\\\/2018\\\/03\\\/logo-de-la-mission.jpg\",\"width\":592,\"height\":496,\"caption\":\"Dioc\u00e8se de Langres\"},\"image\":{\"@id\":\"https:\\\/\\\/cathojoinville.fr\\\/selonmarc\\\/#\\\/schema\\\/logo\\\/image\\\/\"}},{\"@type\":\"Person\",\"@id\":\"https:\\\/\\\/cathojoinville.fr\\\/selonmarc\\\/#\\\/schema\\\/person\\\/a346ae199e5f271458f290351585399b\",\"name\":\"Thierry LECOMTE\",\"image\":{\"@type\":\"ImageObject\",\"inLanguage\":\"fr-FR\",\"@id\":\"https:\\\/\\\/secure.gravatar.com\\\/avatar\\\/fe4dda3dda87f7452af89ec778968b1b20b304636df44e6b9203976f3586687a?s=96&d=mm&r=g\",\"url\":\"https:\\\/\\\/secure.gravatar.com\\\/avatar\\\/fe4dda3dda87f7452af89ec778968b1b20b304636df44e6b9203976f3586687a?s=96&d=mm&r=g\",\"contentUrl\":\"https:\\\/\\\/secure.gravatar.com\\\/avatar\\\/fe4dda3dda87f7452af89ec778968b1b20b304636df44e6b9203976f3586687a?s=96&d=mm&r=g\",\"caption\":\"Thierry LECOMTE\"}}]}<\/script>\n<!-- \/ Yoast SEO plugin. -->","yoast_head_json":{"title":"Esprit, es-tu l\u00e0? - Selon Marc","robots":{"index":"index","follow":"follow","max-snippet":"max-snippet:-1","max-image-preview":"max-image-preview:large","max-video-preview":"max-video-preview:-1"},"canonical":"https:\/\/cathojoinville.fr\/selonmarc\/esprit-es-tu-la\/","og_locale":"fr_FR","og_type":"article","og_title":"Esprit, es-tu l\u00e0? - Selon Marc","og_description":"Vivre dans le vent tourbillonnant de l\u2019Esprit n\u2019est pas de tout repos. Cette petite vid\u00e9o nous l\u2019apprend. De fait, le march\u00e9 \u00ab spirituel \u00bb est devenu tr\u00e8s concurrentiel. Les propositions, les discours, les enseignements se multiplient. Mais suffit-il de parler &hellip; Continuer la lecture &rarr;","og_url":"https:\/\/cathojoinville.fr\/selonmarc\/esprit-es-tu-la\/","og_site_name":"Selon Marc","article_published_time":"2022-03-18T08:36:37+00:00","article_modified_time":"2022-04-01T11:12:40+00:00","author":"Thierry LECOMTE","twitter_card":"summary_large_image","twitter_misc":{"\u00c9crit par":"Thierry LECOMTE","Dur\u00e9e de lecture estim\u00e9e":"1 minute"},"schema":{"@context":"https:\/\/schema.org","@graph":[{"@type":"Article","@id":"https:\/\/cathojoinville.fr\/selonmarc\/esprit-es-tu-la\/#article","isPartOf":{"@id":"https:\/\/cathojoinville.fr\/selonmarc\/esprit-es-tu-la\/"},"author":{"name":"Thierry LECOMTE","@id":"https:\/\/cathojoinville.fr\/selonmarc\/#\/schema\/person\/a346ae199e5f271458f290351585399b"},"headline":"Esprit, es-tu l\u00e0?","datePublished":"2022-03-18T08:36:37+00:00","dateModified":"2022-04-01T11:12:40+00:00","mainEntityOfPage":{"@id":"https:\/\/cathojoinville.fr\/selonmarc\/esprit-es-tu-la\/"},"wordCount":107,"commentCount":1,"publisher":{"@id":"https:\/\/cathojoinville.fr\/selonmarc\/#organization"},"articleSection":["Divers"],"inLanguage":"fr-FR","potentialAction":[{"@type":"CommentAction","name":"Comment","target":["https:\/\/cathojoinville.fr\/selonmarc\/esprit-es-tu-la\/#respond"]}]},{"@type":"WebPage","@id":"https:\/\/cathojoinville.fr\/selonmarc\/esprit-es-tu-la\/","url":"https:\/\/cathojoinville.fr\/selonmarc\/esprit-es-tu-la\/","name":"Esprit, es-tu l\u00e0? - Selon Marc","isPartOf":{"@id":"https:\/\/cathojoinville.fr\/selonmarc\/#website"},"datePublished":"2022-03-18T08:36:37+00:00","dateModified":"2022-04-01T11:12:40+00:00","breadcrumb":{"@id":"https:\/\/cathojoinville.fr\/selonmarc\/esprit-es-tu-la\/#breadcrumb"},"inLanguage":"fr-FR","potentialAction":[{"@type":"ReadAction","target":["https:\/\/cathojoinville.fr\/selonmarc\/esprit-es-tu-la\/"]}]},{"@type":"BreadcrumbList","@id":"https:\/\/cathojoinville.fr\/selonmarc\/esprit-es-tu-la\/#breadcrumb","itemListElement":[{"@type":"ListItem","position":1,"name":"Accueil","item":"https:\/\/cathojoinville.fr\/selonmarc\/"},{"@type":"ListItem","position":2,"name":"Esprit, es-tu l\u00e0?"}]},{"@type":"WebSite","@id":"https:\/\/cathojoinville.fr\/selonmarc\/#website","url":"https:\/\/cathojoinville.fr\/selonmarc\/","name":"Selon Marc","description":"L&#039;exp\u00e9rience bouleversante de l&#039;Evangile","publisher":{"@id":"https:\/\/cathojoinville.fr\/selonmarc\/#organization"},"potentialAction":[{"@type":"SearchAction","target":{"@type":"EntryPoint","urlTemplate":"https:\/\/cathojoinville.fr\/selonmarc\/?s={search_term_string}"},"query-input":{"@type":"PropertyValueSpecification","valueRequired":true,"valueName":"search_term_string"}}],"inLanguage":"fr-FR"},{"@type":"Organization","@id":"https:\/\/cathojoinville.fr\/selonmarc\/#organization","name":"Dioc\u00e8se de Langres","url":"https:\/\/cathojoinville.fr\/selonmarc\/","logo":{"@type":"ImageObject","inLanguage":"fr-FR","@id":"https:\/\/cathojoinville.fr\/selonmarc\/#\/schema\/logo\/image\/","url":"https:\/\/cathojoinville.fr\/selonmarc\/wp-content\/uploads\/2018\/03\/logo-de-la-mission.jpg","contentUrl":"https:\/\/cathojoinville.fr\/selonmarc\/wp-content\/uploads\/2018\/03\/logo-de-la-mission.jpg","width":592,"height":496,"caption":"Dioc\u00e8se de Langres"},"image":{"@id":"https:\/\/cathojoinville.fr\/selonmarc\/#\/schema\/logo\/image\/"}},{"@type":"Person","@id":"https:\/\/cathojoinville.fr\/selonmarc\/#\/schema\/person\/a346ae199e5f271458f290351585399b","name":"Thierry LECOMTE","image":{"@type":"ImageObject","inLanguage":"fr-FR","@id":"https:\/\/secure.gravatar.com\/avatar\/fe4dda3dda87f7452af89ec778968b1b20b304636df44e6b9203976f3586687a?s=96&d=mm&r=g","url":"https:\/\/secure.gravatar.com\/avatar\/fe4dda3dda87f7452af89ec778968b1b20b304636df44e6b9203976f3586687a?s=96&d=mm&r=g","contentUrl":"https:\/\/secure.gravatar.com\/avatar\/fe4dda3dda87f7452af89ec778968b1b20b304636df44e6b9203976f3586687a?s=96&d=mm&r=g","caption":"Thierry LECOMTE"}}]}},"_links":{"self":[{"href":"https:\/\/cathojoinville.fr\/selonmarc\/wp-json\/wp\/v2\/posts\/763","targetHints":{"allow":["GET"]}}],"collection":[{"href":"https:\/\/cathojoinville.fr\/selonmarc\/wp-json\/wp\/v2\/posts"}],"about":[{"href":"https:\/\/cathojoinville.fr\/selonmarc\/wp-json\/wp\/v2\/types\/post"}],"author":[{"embeddable":true,"href":"https:\/\/cathojoinville.fr\/selonmarc\/wp-json\/wp\/v2\/users\/2"}],"replies":[{"embeddable":true,"href":"https:\/\/cathojoinville.fr\/selonmarc\/wp-json\/wp\/v2\/comments?post=763"}],"version-history":[{"count":20,"href":"https:\/\/cathojoinville.fr\/selonmarc\/wp-json\/wp\/v2\/posts\/763\/revisions"}],"predecessor-version":[{"id":815,"href":"https:\/\/cathojoinville.fr\/selonmarc\/wp-json\/wp\/v2\/posts\/763\/revisions\/815"}],"wp:attachment":[{"href":"https:\/\/cathojoinville.fr\/selonmarc\/wp-json\/wp\/v2\/media?parent=763"}],"wp:term":[{"taxonomy":"category","embeddable":true,"href":"https:\/\/cathojoinville.fr\/selonmarc\/wp-json\/wp\/v2\/categories?post=763"},{"taxonomy":"post_tag","embeddable":true,"href":"https:\/\/cathojoinville.fr\/selonmarc\/wp-json\/wp\/v2\/tags?post=763"}],"curies":[{"name":"wp","href":"https:\/\/api.w.org\/{rel}","templated":true}]}}