{"id":1,"date":"2017-10-23T13:19:15","date_gmt":"2017-10-23T11:19:15","guid":{"rendered":"https:\/\/cathojoinville.fr\/selonmarc\/?p=1"},"modified":"2021-01-15T18:46:24","modified_gmt":"2021-01-15T17:46:24","slug":"hello-world","status":"publish","type":"post","link":"https:\/\/cathojoinville.fr\/selonmarc\/hello-world\/","title":{"rendered":"L&rsquo;exp\u00e9rience bouleversante de l&rsquo;\u00e9vangile"},"content":{"rendered":"<p style=\"text-align: justify;\">2020-2021, ann\u00e9e B, ann\u00e9e de l\u2019\u00e9vangile selon Marc, invitation \u00e0 relire cet \u00e9vangile puisque nous le savons : \u00ab <span style=\"color: #999999;\"><em>Ignorez les \u00c9critures, c\u2019est ignorer le Christ.\u00a0<\/em><span style=\"color: #000000;\">\u00bb<sup><a href=\"#footnote_1_1\" id=\"identifier_1_1\" class=\"footnote-link footnote-identifier-link\" title=\"Saint JER&Ocirc;ME, Comm in Is., Prol., repris en&nbsp;Dei Verbum, 25. Commentaire du pape BENO&Icirc;T XVI ici.\">1<\/a><\/sup><\/span><\/span>. Ceci dit, m\u00e9fions-nous.<\/p>\n<p>\u00ad<\/p>\n<p style=\"text-align: justify;\">Car il y a des lectures <em>pompeuses <\/em>qui surplombent, imposant un savoir, une v\u00e9rit\u00e9 et un sens, comme on torture le rossignol pour qu\u2019il chante. Il y a des lectures <em>hypocrites<\/em> qui utilisent le texte pour une jouissance ou un abus de pouvoir. Il y a des lectures <em>anecdotiques<\/em> qui visitent le texte comme on visite le Louvre ou <em>Disneyland<\/em>, pour se\u00a0 distraire et s&rsquo;y saouler de \u00ab selfies \u00bb. Il y a des lectures <em>arch\u00e9ologiques<\/em> qui diss\u00e8quent le texte avec le s\u00e9rieux froid du l\u00e9giste qui d\u00e9coupe un cadavre. Il y a les lectures <em>infatu\u00e9es<\/em> des demi-sachants qui croient savoir. Il y a des lectures <em>id\u00e9ologiques<\/em> et <em>moralisatrices<\/em> qui manient le fouet. Il y a encore des lectures <em>vagues<\/em>, <em>distraites<\/em>, <em>idiotes<\/em>, <em>ennuy\u00e9es<\/em>, <em>insipides<\/em>, <em>plates<\/em>, etc. Le diable lui-m\u00eame est un lecteur pr\u00e9cis (Cf. <a href=\"http:\/\/www.carmel.asso.fr\/1er-Dimanche-de-Careme-Mt4-1-11.html\" target=\"_blank\" rel=\"noopener noreferrer\"><em>Mt<\/em> <strong>4<\/strong>, 1-11<\/a>).<\/p>\n<p>\u00ad<\/p>\n<p style=\"text-align: justify;\">Et puis parfois, il y a le miracle. Soudain, le texte devient \u00e9v\u00e9nement et le lecteur se laisse traverser par une Parole qui le pr\u00e9c\u00e8de et l\u2019accueille. Il entre en harmonie avec elle, se jette en elle, entend en lui consonner le point d\u2019\u00e9change qui d\u00e9chire les cieux du c\u0153ur et ouvre \u00e0 nouveau les vannes oubli\u00e9es de la proph\u00e9tie. Sa lecture a accept\u00e9 le saut, elle se transfigure. Quittant les basses-eaux, elle devient risqu\u00e9e, ouverte, disponible, gouteuse, savoureuse, aventureuse, amoureuse, \u00e0 la fois partag\u00e9e et personnelle, passionn\u00e9e et incertaine, litt\u00e9rale et po\u00e9tique, secr\u00e8te et simple, si simple. Elle nous provoque, nous\u00a0 entra\u00eene, nous gu\u00e9rit, nous sauve et, au-del\u00e0 de tout, lib\u00e8re une fontaine de joie, inattendue et irr\u00e9fragable.<\/p>\n<p>\u00ad<\/p>\n<p style=\"text-align: justify;\">Comme cette parole nous lit bien plus que nous ne la lisons !<\/p>\n<p>\u00ad<\/p>\n<p style=\"text-align: justify;\">C\u2019est pourquoi, lire ainsi, c\u2019est entrer dans la \u00ab <em>grande vie<\/em>\u00a0\u00bb<sup><a href=\"#footnote_2_1\" id=\"identifier_2_1\" class=\"footnote-link footnote-identifier-link\" title=\"Cf. Christian&nbsp;BOBIN, La Grande vie, PARIS, NRF-Gallimard, 2014.\">2<\/a><\/sup>. C\u2019est y entrer avec tous ceux qui ont d\u00e9j\u00e0 lu. C\u2019est y rencontrer un peuple de lecteurs amoureux d\u2019un Verbe libre, offert, en avant, qui vient du fond de l\u2019\u00catre et du Temps. C\u2019est ne plus jamais \u00eatre seul.<\/p>\n<p>\u00ad<\/p>\n<p style=\"text-align: justify;\">Le blog <em>selon Marc<\/em> a cette seule ambition : favoriser une telle exp\u00e9rience bouleversante de l\u2019\u00c9vangile. Le reste ne lui appartient d\u00e9j\u00e0 plus, n\u2019\u00e9tant pas son \u0153uvre.<\/p>\n<p>\u00ad<\/p>\n\n\n<p><\/p>\n<ol class=\"footnotes\"><li id=\"footnote_1_1\" class=\"footnote\"><a href=\"https:\/\/fr.wikipedia.org\/wiki\/J%C3%A9r%C3%B4me_de_Stridon\" target=\"_blank\" rel=\"noopener noreferrer\">Saint <strong>JER\u00d4ME<\/strong><\/a>, <em>Comm in Is<\/em>., Prol., repris en\u00a0<a href=\"http:\/\/www.vatican.va\/archive\/hist_councils\/ii_vatican_council\/documents\/vat-ii_const_19651118_dei-verbum_fr.html\" target=\"_blank\" rel=\"noopener noreferrer\"><em>Dei Verbum<\/em><\/a>, <strong>25<\/strong>. Commentaire du pape <a href=\"https:\/\/w2.vatican.va\/content\/benedict-xvi\/fr.html\" target=\"_blank\" rel=\"noopener noreferrer\">BENO\u00ceT XVI<\/a> <a href=\"http:\/\/www.patristique.org\/Benoit-XVI-Saint-Jerome-ou-la.html\" target=\"_blank\" rel=\"noopener noreferrer\">ici<\/a>.<span class=\"footnote-back-link-wrapper\"> [<a href=\"#identifier_1_1\" class=\"footnote-link footnote-back-link\">&#8617;<\/a>]<\/span><\/li><li id=\"footnote_2_1\" class=\"footnote\">Cf. <a href=\"https:\/\/fr.wikipedia.org\/wiki\/Christian_Bobin\" target=\"_blank\" rel=\"noopener noreferrer\">Christian\u00a0<strong>BOBIN<\/strong><\/a>, <a href=\"http:\/\/www.gallimard.fr\/Catalogue\/GALLIMARD\/Blanche\/La-grande-vie\" target=\"_blank\" rel=\"noopener noreferrer\"><em>La Grande vie<\/em><\/a>, PARIS, NRF-Gallimard, 2014.<span class=\"footnote-back-link-wrapper\"> [<a href=\"#identifier_2_1\" class=\"footnote-link footnote-back-link\">&#8617;<\/a>]<\/span><\/li><\/ol>","protected":false},"excerpt":{"rendered":"<p>2020-2021, ann\u00e9e B, ann\u00e9e de l\u2019\u00e9vangile selon Marc, invitation \u00e0 relire cet \u00e9vangile puisque nous le savons : \u00ab Ignorez les \u00c9critures, c\u2019est ignorer le Christ.\u00a0\u00bb1. Ceci dit, m\u00e9fions-nous. \u00ad Car il y a des lectures pompeuses qui surplombent, imposant &hellip; <a href=\"https:\/\/cathojoinville.fr\/selonmarc\/hello-world\/\">Continuer la lecture <span class=\"meta-nav\">&rarr;<\/span><\/a><\/p>\n","protected":false},"author":2,"featured_media":0,"comment_status":"open","ping_status":"open","sticky":false,"template":"","format":"standard","meta":{"footnotes":""},"categories":[1],"tags":[],"class_list":["post-1","post","type-post","status-publish","format-standard","hentry","category-uncategorized"],"yoast_head":"<!-- This site is optimized with the Yoast SEO plugin v27.5 - https:\/\/yoast.com\/product\/yoast-seo-wordpress\/ -->\n<title>L&#039;exp\u00e9rience bouleversante de l&#039;\u00e9vangile - Selon Marc<\/title>\n<meta name=\"robots\" content=\"index, follow, max-snippet:-1, max-image-preview:large, max-video-preview:-1\" \/>\n<link rel=\"canonical\" href=\"https:\/\/cathojoinville.fr\/selonmarc\/hello-world\/\" \/>\n<meta property=\"og:locale\" content=\"fr_FR\" \/>\n<meta property=\"og:type\" content=\"article\" \/>\n<meta property=\"og:title\" content=\"L&#039;exp\u00e9rience bouleversante de l&#039;\u00e9vangile - Selon Marc\" \/>\n<meta property=\"og:description\" content=\"2020-2021, ann\u00e9e B, ann\u00e9e de l\u2019\u00e9vangile selon Marc, invitation \u00e0 relire cet \u00e9vangile puisque nous le savons : \u00ab Ignorez les \u00c9critures, c\u2019est ignorer le Christ.\u00a0\u00bb1. Ceci dit, m\u00e9fions-nous. \u00ad Car il y a des lectures pompeuses qui surplombent, imposant &hellip; Continuer la lecture &rarr;\" \/>\n<meta property=\"og:url\" content=\"https:\/\/cathojoinville.fr\/selonmarc\/hello-world\/\" \/>\n<meta property=\"og:site_name\" content=\"Selon Marc\" \/>\n<meta property=\"article:published_time\" content=\"2017-10-23T11:19:15+00:00\" \/>\n<meta property=\"article:modified_time\" content=\"2021-01-15T17:46:24+00:00\" \/>\n<meta name=\"author\" content=\"Thierry LECOMTE\" \/>\n<meta name=\"twitter:card\" content=\"summary_large_image\" \/>\n<meta name=\"twitter:label1\" content=\"\u00c9crit par\" \/>\n\t<meta name=\"twitter:data1\" content=\"Thierry LECOMTE\" \/>\n\t<meta name=\"twitter:label2\" content=\"Dur\u00e9e de lecture estim\u00e9e\" \/>\n\t<meta name=\"twitter:data2\" content=\"2 minutes\" \/>\n<script type=\"application\/ld+json\" class=\"yoast-schema-graph\">{\"@context\":\"https:\\\/\\\/schema.org\",\"@graph\":[{\"@type\":\"Article\",\"@id\":\"https:\\\/\\\/cathojoinville.fr\\\/selonmarc\\\/hello-world\\\/#article\",\"isPartOf\":{\"@id\":\"https:\\\/\\\/cathojoinville.fr\\\/selonmarc\\\/hello-world\\\/\"},\"author\":{\"name\":\"Thierry LECOMTE\",\"@id\":\"https:\\\/\\\/cathojoinville.fr\\\/selonmarc\\\/#\\\/schema\\\/person\\\/a346ae199e5f271458f290351585399b\"},\"headline\":\"L&rsquo;exp\u00e9rience bouleversante de l&rsquo;\u00e9vangile\",\"datePublished\":\"2017-10-23T11:19:15+00:00\",\"dateModified\":\"2021-01-15T17:46:24+00:00\",\"mainEntityOfPage\":{\"@id\":\"https:\\\/\\\/cathojoinville.fr\\\/selonmarc\\\/hello-world\\\/\"},\"wordCount\":446,\"commentCount\":0,\"publisher\":{\"@id\":\"https:\\\/\\\/cathojoinville.fr\\\/selonmarc\\\/#organization\"},\"articleSection\":[\"Divers\"],\"inLanguage\":\"fr-FR\",\"potentialAction\":[{\"@type\":\"CommentAction\",\"name\":\"Comment\",\"target\":[\"https:\\\/\\\/cathojoinville.fr\\\/selonmarc\\\/hello-world\\\/#respond\"]}]},{\"@type\":\"WebPage\",\"@id\":\"https:\\\/\\\/cathojoinville.fr\\\/selonmarc\\\/hello-world\\\/\",\"url\":\"https:\\\/\\\/cathojoinville.fr\\\/selonmarc\\\/hello-world\\\/\",\"name\":\"L'exp\u00e9rience bouleversante de l'\u00e9vangile - Selon Marc\",\"isPartOf\":{\"@id\":\"https:\\\/\\\/cathojoinville.fr\\\/selonmarc\\\/#website\"},\"datePublished\":\"2017-10-23T11:19:15+00:00\",\"dateModified\":\"2021-01-15T17:46:24+00:00\",\"breadcrumb\":{\"@id\":\"https:\\\/\\\/cathojoinville.fr\\\/selonmarc\\\/hello-world\\\/#breadcrumb\"},\"inLanguage\":\"fr-FR\",\"potentialAction\":[{\"@type\":\"ReadAction\",\"target\":[\"https:\\\/\\\/cathojoinville.fr\\\/selonmarc\\\/hello-world\\\/\"]}]},{\"@type\":\"BreadcrumbList\",\"@id\":\"https:\\\/\\\/cathojoinville.fr\\\/selonmarc\\\/hello-world\\\/#breadcrumb\",\"itemListElement\":[{\"@type\":\"ListItem\",\"position\":1,\"name\":\"Accueil\",\"item\":\"https:\\\/\\\/cathojoinville.fr\\\/selonmarc\\\/\"},{\"@type\":\"ListItem\",\"position\":2,\"name\":\"L&rsquo;exp\u00e9rience bouleversante de l&rsquo;\u00e9vangile\"}]},{\"@type\":\"WebSite\",\"@id\":\"https:\\\/\\\/cathojoinville.fr\\\/selonmarc\\\/#website\",\"url\":\"https:\\\/\\\/cathojoinville.fr\\\/selonmarc\\\/\",\"name\":\"Selon Marc\",\"description\":\"L&#039;exp\u00e9rience bouleversante de l&#039;Evangile\",\"publisher\":{\"@id\":\"https:\\\/\\\/cathojoinville.fr\\\/selonmarc\\\/#organization\"},\"potentialAction\":[{\"@type\":\"SearchAction\",\"target\":{\"@type\":\"EntryPoint\",\"urlTemplate\":\"https:\\\/\\\/cathojoinville.fr\\\/selonmarc\\\/?s={search_term_string}\"},\"query-input\":{\"@type\":\"PropertyValueSpecification\",\"valueRequired\":true,\"valueName\":\"search_term_string\"}}],\"inLanguage\":\"fr-FR\"},{\"@type\":\"Organization\",\"@id\":\"https:\\\/\\\/cathojoinville.fr\\\/selonmarc\\\/#organization\",\"name\":\"Dioc\u00e8se de Langres\",\"url\":\"https:\\\/\\\/cathojoinville.fr\\\/selonmarc\\\/\",\"logo\":{\"@type\":\"ImageObject\",\"inLanguage\":\"fr-FR\",\"@id\":\"https:\\\/\\\/cathojoinville.fr\\\/selonmarc\\\/#\\\/schema\\\/logo\\\/image\\\/\",\"url\":\"https:\\\/\\\/cathojoinville.fr\\\/selonmarc\\\/wp-content\\\/uploads\\\/2018\\\/03\\\/logo-de-la-mission.jpg\",\"contentUrl\":\"https:\\\/\\\/cathojoinville.fr\\\/selonmarc\\\/wp-content\\\/uploads\\\/2018\\\/03\\\/logo-de-la-mission.jpg\",\"width\":592,\"height\":496,\"caption\":\"Dioc\u00e8se de Langres\"},\"image\":{\"@id\":\"https:\\\/\\\/cathojoinville.fr\\\/selonmarc\\\/#\\\/schema\\\/logo\\\/image\\\/\"}},{\"@type\":\"Person\",\"@id\":\"https:\\\/\\\/cathojoinville.fr\\\/selonmarc\\\/#\\\/schema\\\/person\\\/a346ae199e5f271458f290351585399b\",\"name\":\"Thierry LECOMTE\",\"image\":{\"@type\":\"ImageObject\",\"inLanguage\":\"fr-FR\",\"@id\":\"https:\\\/\\\/secure.gravatar.com\\\/avatar\\\/fe4dda3dda87f7452af89ec778968b1b20b304636df44e6b9203976f3586687a?s=96&d=mm&r=g\",\"url\":\"https:\\\/\\\/secure.gravatar.com\\\/avatar\\\/fe4dda3dda87f7452af89ec778968b1b20b304636df44e6b9203976f3586687a?s=96&d=mm&r=g\",\"contentUrl\":\"https:\\\/\\\/secure.gravatar.com\\\/avatar\\\/fe4dda3dda87f7452af89ec778968b1b20b304636df44e6b9203976f3586687a?s=96&d=mm&r=g\",\"caption\":\"Thierry LECOMTE\"}}]}<\/script>\n<!-- \/ Yoast SEO plugin. -->","yoast_head_json":{"title":"L'exp\u00e9rience bouleversante de l'\u00e9vangile - Selon Marc","robots":{"index":"index","follow":"follow","max-snippet":"max-snippet:-1","max-image-preview":"max-image-preview:large","max-video-preview":"max-video-preview:-1"},"canonical":"https:\/\/cathojoinville.fr\/selonmarc\/hello-world\/","og_locale":"fr_FR","og_type":"article","og_title":"L'exp\u00e9rience bouleversante de l'\u00e9vangile - Selon Marc","og_description":"2020-2021, ann\u00e9e B, ann\u00e9e de l\u2019\u00e9vangile selon Marc, invitation \u00e0 relire cet \u00e9vangile puisque nous le savons : \u00ab Ignorez les \u00c9critures, c\u2019est ignorer le Christ.\u00a0\u00bb1. Ceci dit, m\u00e9fions-nous. \u00ad Car il y a des lectures pompeuses qui surplombent, imposant &hellip; Continuer la lecture &rarr;","og_url":"https:\/\/cathojoinville.fr\/selonmarc\/hello-world\/","og_site_name":"Selon Marc","article_published_time":"2017-10-23T11:19:15+00:00","article_modified_time":"2021-01-15T17:46:24+00:00","author":"Thierry LECOMTE","twitter_card":"summary_large_image","twitter_misc":{"\u00c9crit par":"Thierry LECOMTE","Dur\u00e9e de lecture estim\u00e9e":"2 minutes"},"schema":{"@context":"https:\/\/schema.org","@graph":[{"@type":"Article","@id":"https:\/\/cathojoinville.fr\/selonmarc\/hello-world\/#article","isPartOf":{"@id":"https:\/\/cathojoinville.fr\/selonmarc\/hello-world\/"},"author":{"name":"Thierry LECOMTE","@id":"https:\/\/cathojoinville.fr\/selonmarc\/#\/schema\/person\/a346ae199e5f271458f290351585399b"},"headline":"L&rsquo;exp\u00e9rience bouleversante de l&rsquo;\u00e9vangile","datePublished":"2017-10-23T11:19:15+00:00","dateModified":"2021-01-15T17:46:24+00:00","mainEntityOfPage":{"@id":"https:\/\/cathojoinville.fr\/selonmarc\/hello-world\/"},"wordCount":446,"commentCount":0,"publisher":{"@id":"https:\/\/cathojoinville.fr\/selonmarc\/#organization"},"articleSection":["Divers"],"inLanguage":"fr-FR","potentialAction":[{"@type":"CommentAction","name":"Comment","target":["https:\/\/cathojoinville.fr\/selonmarc\/hello-world\/#respond"]}]},{"@type":"WebPage","@id":"https:\/\/cathojoinville.fr\/selonmarc\/hello-world\/","url":"https:\/\/cathojoinville.fr\/selonmarc\/hello-world\/","name":"L'exp\u00e9rience bouleversante de l'\u00e9vangile - Selon Marc","isPartOf":{"@id":"https:\/\/cathojoinville.fr\/selonmarc\/#website"},"datePublished":"2017-10-23T11:19:15+00:00","dateModified":"2021-01-15T17:46:24+00:00","breadcrumb":{"@id":"https:\/\/cathojoinville.fr\/selonmarc\/hello-world\/#breadcrumb"},"inLanguage":"fr-FR","potentialAction":[{"@type":"ReadAction","target":["https:\/\/cathojoinville.fr\/selonmarc\/hello-world\/"]}]},{"@type":"BreadcrumbList","@id":"https:\/\/cathojoinville.fr\/selonmarc\/hello-world\/#breadcrumb","itemListElement":[{"@type":"ListItem","position":1,"name":"Accueil","item":"https:\/\/cathojoinville.fr\/selonmarc\/"},{"@type":"ListItem","position":2,"name":"L&rsquo;exp\u00e9rience bouleversante de l&rsquo;\u00e9vangile"}]},{"@type":"WebSite","@id":"https:\/\/cathojoinville.fr\/selonmarc\/#website","url":"https:\/\/cathojoinville.fr\/selonmarc\/","name":"Selon Marc","description":"L&#039;exp\u00e9rience bouleversante de l&#039;Evangile","publisher":{"@id":"https:\/\/cathojoinville.fr\/selonmarc\/#organization"},"potentialAction":[{"@type":"SearchAction","target":{"@type":"EntryPoint","urlTemplate":"https:\/\/cathojoinville.fr\/selonmarc\/?s={search_term_string}"},"query-input":{"@type":"PropertyValueSpecification","valueRequired":true,"valueName":"search_term_string"}}],"inLanguage":"fr-FR"},{"@type":"Organization","@id":"https:\/\/cathojoinville.fr\/selonmarc\/#organization","name":"Dioc\u00e8se de Langres","url":"https:\/\/cathojoinville.fr\/selonmarc\/","logo":{"@type":"ImageObject","inLanguage":"fr-FR","@id":"https:\/\/cathojoinville.fr\/selonmarc\/#\/schema\/logo\/image\/","url":"https:\/\/cathojoinville.fr\/selonmarc\/wp-content\/uploads\/2018\/03\/logo-de-la-mission.jpg","contentUrl":"https:\/\/cathojoinville.fr\/selonmarc\/wp-content\/uploads\/2018\/03\/logo-de-la-mission.jpg","width":592,"height":496,"caption":"Dioc\u00e8se de Langres"},"image":{"@id":"https:\/\/cathojoinville.fr\/selonmarc\/#\/schema\/logo\/image\/"}},{"@type":"Person","@id":"https:\/\/cathojoinville.fr\/selonmarc\/#\/schema\/person\/a346ae199e5f271458f290351585399b","name":"Thierry LECOMTE","image":{"@type":"ImageObject","inLanguage":"fr-FR","@id":"https:\/\/secure.gravatar.com\/avatar\/fe4dda3dda87f7452af89ec778968b1b20b304636df44e6b9203976f3586687a?s=96&d=mm&r=g","url":"https:\/\/secure.gravatar.com\/avatar\/fe4dda3dda87f7452af89ec778968b1b20b304636df44e6b9203976f3586687a?s=96&d=mm&r=g","contentUrl":"https:\/\/secure.gravatar.com\/avatar\/fe4dda3dda87f7452af89ec778968b1b20b304636df44e6b9203976f3586687a?s=96&d=mm&r=g","caption":"Thierry LECOMTE"}}]}},"_links":{"self":[{"href":"https:\/\/cathojoinville.fr\/selonmarc\/wp-json\/wp\/v2\/posts\/1","targetHints":{"allow":["GET"]}}],"collection":[{"href":"https:\/\/cathojoinville.fr\/selonmarc\/wp-json\/wp\/v2\/posts"}],"about":[{"href":"https:\/\/cathojoinville.fr\/selonmarc\/wp-json\/wp\/v2\/types\/post"}],"author":[{"embeddable":true,"href":"https:\/\/cathojoinville.fr\/selonmarc\/wp-json\/wp\/v2\/users\/2"}],"replies":[{"embeddable":true,"href":"https:\/\/cathojoinville.fr\/selonmarc\/wp-json\/wp\/v2\/comments?post=1"}],"version-history":[{"count":23,"href":"https:\/\/cathojoinville.fr\/selonmarc\/wp-json\/wp\/v2\/posts\/1\/revisions"}],"predecessor-version":[{"id":576,"href":"https:\/\/cathojoinville.fr\/selonmarc\/wp-json\/wp\/v2\/posts\/1\/revisions\/576"}],"wp:attachment":[{"href":"https:\/\/cathojoinville.fr\/selonmarc\/wp-json\/wp\/v2\/media?parent=1"}],"wp:term":[{"taxonomy":"category","embeddable":true,"href":"https:\/\/cathojoinville.fr\/selonmarc\/wp-json\/wp\/v2\/categories?post=1"},{"taxonomy":"post_tag","embeddable":true,"href":"https:\/\/cathojoinville.fr\/selonmarc\/wp-json\/wp\/v2\/tags?post=1"}],"curies":[{"name":"wp","href":"https:\/\/api.w.org\/{rel}","templated":true}]}}